{"id":1388,"date":"2023-11-08T19:56:59","date_gmt":"2023-11-08T22:56:59","guid":{"rendered":"https:\/\/pffa.com.br\/?p=651"},"modified":"2023-11-08T19:56:59","modified_gmt":"2023-11-08T22:56:59","slug":"a-importancia-da-protecao-de-dados-pessoais-em-um-mundo-digital","status":"publish","type":"post","link":"https:\/\/pffa.com.br\/en\/a-importancia-da-protecao-de-dados-pessoais-em-um-mundo-digital\/","title":{"rendered":"A import\u00e2ncia da Prote\u00e7\u00e3o de Dados Pessoais em um Mundo Digital"},"content":{"rendered":"<p>Em um mundo cada vez mais conectado e digitalizado, a prote\u00e7\u00e3o de dados pessoais se tornou um tema de extrema relev\u00e2ncia. Afinal, o que \u00e9 prote\u00e7\u00e3o de dados pessoais e por que \u00e9 t\u00e3o importante?<\/p>\n<p>A prote\u00e7\u00e3o de dados pessoais refere-se ao conjunto de medidas e pr\u00e1ticas destinadas a garantir a prote\u00e7\u00e3o e a seguran\u00e7a das informa\u00e7\u00f5es pessoais e da privacidade dos indiv\u00edduos. Isso envolve a coleta, o armazenamento, o processamento e o uso respons\u00e1vel desses dados por organiza\u00e7\u00f5es e entidades. Em muitos pa\u00edses, leis como o Regulamento Geral de Prote\u00e7\u00e3o de Dados da Uni\u00e3o Europeia (GDPR) e a Lei Geral de Prote\u00e7\u00e3o de Dados no Brasil (LGPD) foram implementadas para regulamentar e proteger os dados pessoais dos cidad\u00e3os.<\/p>\n<p>A prote\u00e7\u00e3o dos dados pessoais \u00e9 fundamental para garantir que as informa\u00e7\u00f5es pessoais de cada indiv\u00edduo permane\u00e7am seguras. Cada um de n\u00f3s tem o direito de controlar quem tem acesso \u00e0s nossas informa\u00e7\u00f5es pessoais e como elas s\u00e3o usadas.<\/p>\n<p>Dessa forma, evitamos o uso indevido e abusivo dos dados pessoais. Sem a prote\u00e7\u00e3o adequada, os dados pessoais podem ser explorados por terceiros para fins prejudiciais, como fraudes, extors\u00f5es e roubo de identidade ou, no caso dos dados pessoais sens\u00edveis, os titulares podem ser alvos de atitudes preconceituosas.<\/p>\n<p>Empresas e organiza\u00e7\u00f5es que demonstram um compromisso s\u00f3lido com a prote\u00e7\u00e3o dos dados pessoais ganham a confian\u00e7a de seus clientes e parceiros, podendo ser um diferencial competitivo significativo.<\/p>\n<p>Al\u00e9m disso, conformidade com regulamenta\u00e7\u00f5es de prote\u00e7\u00e3o de dados pessoais \u00e9 essencial para evitar multas substanciais e san\u00e7\u00f5es legais, como tamb\u00e9m reduzir os riscos de serem v\u00edtimas de crimes cibern\u00e9ticos, uma vez que a seguran\u00e7a da informa\u00e7\u00e3o \u00e9 um dos pilares fundamentais. Empresas que n\u00e3o cumprem as leis de prote\u00e7\u00e3o de dados pessoais est\u00e3o sujeitas a penalidades severas.<\/p>\n<p>A prote\u00e7\u00e3o dos dados pessoais promove a inova\u00e7\u00e3o respons\u00e1vel (tendo como base os princ\u00edpios do <i>Privacy by Design<\/i>), garantindo que os dados pessoais sejam tratados com cuidado, as empresas podem desenvolver produtos e servi\u00e7os que beneficiem os usu\u00e1rios sem comprometer a privacidade desses titulares e a seguran\u00e7a dos dados pessoais.<\/p>\n<p>Como profissionais e l\u00edderes, temos a responsabilidade de promover a conscientiza\u00e7\u00e3o sobre a prote\u00e7\u00e3o de dados pessoais em nas organiza\u00e7\u00f5es e comunidades.<\/p>\n<p>A prote\u00e7\u00e3o de dados pessoais \u00e9 um pilar fundamental para a constru\u00e7\u00e3o de um mundo digital mais \u00e9tico e confi\u00e1vel.<\/p>\n<p>Vamos juntos para garantir que as informa\u00e7\u00f5es pessoais sejam tratadas com o respeito e a responsabilidade que merecem.<\/p>\n<p><strong>Publicado por Larissa Pig\u00e3o.<\/strong> Advogada. Mestranda pela Universidade Aut\u00f4noma de Lisboa. LL.M. pela Universidade de Lisboa. P\u00f3s-graduada em Direito Digital pela FDDJ. Certificada EXIN Privacy and Data Protection Essencial and Foundation. Formada pela Faculdade de Direito Dam\u00e1sio de Jesus, S\u00f3cia no Pig\u00e3o, Ferr\u00e3o e Fioravante Sociedade de Advogados.<\/p>","protected":false},"excerpt":{"rendered":"<p>Em um mundo cada vez mais conectado e digitalizado, a prote\u00e7\u00e3o de dados pessoais se tornou um tema de extrema relev\u00e2ncia. Afinal, o que \u00e9 prote\u00e7\u00e3o de dados pessoais e por que \u00e9 t\u00e3o importante? A prote\u00e7\u00e3o de dados pessoais refere-se ao conjunto de medidas e pr\u00e1ticas destinadas a garantir a prote\u00e7\u00e3o e a seguran\u00e7a [&hellip;]<\/p>","protected":false},"author":3,"featured_media":1389,"comment_status":"open","ping_status":"open","sticky":false,"template":"","format":"standard","meta":{"footnotes":""},"categories":[8,11],"tags":[23,24,25],"class_list":["post-1388","post","type-post","status-publish","format-standard","has-post-thumbnail","hentry","category-direito-digital","category-protecao-de-dados-pessoais","tag-dados-pessoais","tag-mundo-digital","tag-protecao-de-dados"],"yoast_head":"<!-- This site is optimized with the Yoast SEO plugin v22.6 - https:\/\/yoast.com\/wordpress\/plugins\/seo\/ -->\n<title>A import\u00e2ncia da Prote\u00e7\u00e3o de Dados Pessoais em um Mundo Digital - Ferr\u00e3o<\/title>\n<meta name=\"description\" content=\"Este artigo aborda a prote\u00e7\u00e3o de dados em mundo cada vez mais conectado e digitalizado. Afinal, por que a prote\u00e7\u00e3o de dados pessoais \u00e9 t\u00e3o importante?\" \/>\n<meta name=\"robots\" content=\"index, follow, max-snippet:-1, max-image-preview:large, max-video-preview:-1\" \/>\n<link rel=\"canonical\" href=\"https:\/\/pffa.com.br\/en\/a-importancia-da-protecao-de-dados-pessoais-em-um-mundo-digital\/\" \/>\n<meta property=\"og:locale\" content=\"en_US\" \/>\n<meta property=\"og:type\" content=\"article\" \/>\n<meta property=\"og:title\" content=\"A import\u00e2ncia da Prote\u00e7\u00e3o de Dados Pessoais em um Mundo Digital - Ferr\u00e3o\" \/>\n<meta property=\"og:description\" content=\"Este artigo aborda a prote\u00e7\u00e3o de dados em mundo cada vez mais conectado e digitalizado. Afinal, por que a prote\u00e7\u00e3o de dados pessoais \u00e9 t\u00e3o importante?\" \/>\n<meta property=\"og:url\" content=\"https:\/\/pffa.com.br\/en\/a-importancia-da-protecao-de-dados-pessoais-em-um-mundo-digital\/\" \/>\n<meta property=\"og:site_name\" content=\"Ferr\u00e3o\" \/>\n<meta property=\"article:published_time\" content=\"2023-11-08T22:56:59+00:00\" \/>\n<meta property=\"og:image\" content=\"https:\/\/pffa.com.br\/wp-content\/uploads\/2023\/11\/Post-Site-PFFA-2-1.png\" \/>\n\t<meta property=\"og:image:width\" content=\"1080\" \/>\n\t<meta property=\"og:image:height\" content=\"1080\" \/>\n\t<meta property=\"og:image:type\" content=\"image\/png\" \/>\n<meta name=\"author\" content=\"larissa\" \/>\n<meta name=\"twitter:card\" content=\"summary_large_image\" \/>\n<meta name=\"twitter:label1\" content=\"Written by\" \/>\n\t<meta name=\"twitter:data1\" content=\"larissa\" \/>\n\t<meta name=\"twitter:label2\" content=\"Est. reading time\" \/>\n\t<meta name=\"twitter:data2\" content=\"3 minutes\" \/>\n<script type=\"application\/ld+json\" class=\"yoast-schema-graph\">{\"@context\":\"https:\/\/schema.org\",\"@graph\":[{\"@type\":\"WebPage\",\"@id\":\"https:\/\/pffa.com.br\/a-importancia-da-protecao-de-dados-pessoais-em-um-mundo-digital\/\",\"url\":\"https:\/\/pffa.com.br\/a-importancia-da-protecao-de-dados-pessoais-em-um-mundo-digital\/\",\"name\":\"A import\u00e2ncia da Prote\u00e7\u00e3o de Dados Pessoais em um Mundo Digital - Ferr\u00e3o\",\"isPartOf\":{\"@id\":\"https:\/\/pffa.com.br\/#website\"},\"primaryImageOfPage\":{\"@id\":\"https:\/\/pffa.com.br\/a-importancia-da-protecao-de-dados-pessoais-em-um-mundo-digital\/#primaryimage\"},\"image\":{\"@id\":\"https:\/\/pffa.com.br\/a-importancia-da-protecao-de-dados-pessoais-em-um-mundo-digital\/#primaryimage\"},\"thumbnailUrl\":\"https:\/\/pffa.com.br\/wp-content\/uploads\/2023\/11\/Post-Site-PFFA-2-1.png\",\"datePublished\":\"2023-11-08T22:56:59+00:00\",\"dateModified\":\"2023-11-08T22:56:59+00:00\",\"author\":{\"@id\":\"https:\/\/pffa.com.br\/#\/schema\/person\/44111f61d0e1fbe93c3d4e9a65a02161\"},\"description\":\"Este artigo aborda a prote\u00e7\u00e3o de dados em mundo cada vez mais conectado e digitalizado. Afinal, por que a prote\u00e7\u00e3o de dados pessoais \u00e9 t\u00e3o importante?\",\"breadcrumb\":{\"@id\":\"https:\/\/pffa.com.br\/a-importancia-da-protecao-de-dados-pessoais-em-um-mundo-digital\/#breadcrumb\"},\"inLanguage\":\"en-US\",\"potentialAction\":[{\"@type\":\"ReadAction\",\"target\":[\"https:\/\/pffa.com.br\/a-importancia-da-protecao-de-dados-pessoais-em-um-mundo-digital\/\"]}]},{\"@type\":\"ImageObject\",\"inLanguage\":\"en-US\",\"@id\":\"https:\/\/pffa.com.br\/a-importancia-da-protecao-de-dados-pessoais-em-um-mundo-digital\/#primaryimage\",\"url\":\"https:\/\/pffa.com.br\/wp-content\/uploads\/2023\/11\/Post-Site-PFFA-2-1.png\",\"contentUrl\":\"https:\/\/pffa.com.br\/wp-content\/uploads\/2023\/11\/Post-Site-PFFA-2-1.png\",\"width\":1080,\"height\":1080},{\"@type\":\"BreadcrumbList\",\"@id\":\"https:\/\/pffa.com.br\/a-importancia-da-protecao-de-dados-pessoais-em-um-mundo-digital\/#breadcrumb\",\"itemListElement\":[{\"@type\":\"ListItem\",\"position\":1,\"name\":\"In\u00edcio\",\"item\":\"https:\/\/pffa.com.br\/\"},{\"@type\":\"ListItem\",\"position\":2,\"name\":\"A import\u00e2ncia da Prote\u00e7\u00e3o de Dados Pessoais em um Mundo Digital\"}]},{\"@type\":\"WebSite\",\"@id\":\"https:\/\/pffa.com.br\/#website\",\"url\":\"https:\/\/pffa.com.br\/\",\"name\":\"Ferr\u00e3o\",\"description\":\"Ferr\u00e3o &amp; Ferr\u00e3o Advogados Associados\",\"potentialAction\":[{\"@type\":\"SearchAction\",\"target\":{\"@type\":\"EntryPoint\",\"urlTemplate\":\"https:\/\/pffa.com.br\/?s={search_term_string}\"},\"query-input\":\"required name=search_term_string\"}],\"inLanguage\":\"en-US\"},{\"@type\":\"Person\",\"@id\":\"https:\/\/pffa.com.br\/#\/schema\/person\/44111f61d0e1fbe93c3d4e9a65a02161\",\"name\":\"larissa\",\"image\":{\"@type\":\"ImageObject\",\"inLanguage\":\"en-US\",\"@id\":\"https:\/\/pffa.com.br\/#\/schema\/person\/image\/\",\"url\":\"https:\/\/secure.gravatar.com\/avatar\/?s=96&d=mm&r=g\",\"contentUrl\":\"https:\/\/secure.gravatar.com\/avatar\/?s=96&d=mm&r=g\",\"caption\":\"larissa\"},\"url\":\"https:\/\/pffa.com.br\/en\/author\/larissa\/\"}]}<\/script>\n<!-- \/ Yoast SEO plugin. -->","yoast_head_json":{"title":"A import\u00e2ncia da Prote\u00e7\u00e3o de Dados Pessoais em um Mundo Digital - Ferr\u00e3o","description":"Este artigo aborda a prote\u00e7\u00e3o de dados em mundo cada vez mais conectado e digitalizado. Afinal, por que a prote\u00e7\u00e3o de dados pessoais \u00e9 t\u00e3o importante?","robots":{"index":"index","follow":"follow","max-snippet":"max-snippet:-1","max-image-preview":"max-image-preview:large","max-video-preview":"max-video-preview:-1"},"canonical":"https:\/\/pffa.com.br\/en\/a-importancia-da-protecao-de-dados-pessoais-em-um-mundo-digital\/","og_locale":"en_US","og_type":"article","og_title":"A import\u00e2ncia da Prote\u00e7\u00e3o de Dados Pessoais em um Mundo Digital - Ferr\u00e3o","og_description":"Este artigo aborda a prote\u00e7\u00e3o de dados em mundo cada vez mais conectado e digitalizado. Afinal, por que a prote\u00e7\u00e3o de dados pessoais \u00e9 t\u00e3o importante?","og_url":"https:\/\/pffa.com.br\/en\/a-importancia-da-protecao-de-dados-pessoais-em-um-mundo-digital\/","og_site_name":"Ferr\u00e3o","article_published_time":"2023-11-08T22:56:59+00:00","og_image":[{"width":1080,"height":1080,"url":"https:\/\/pffa.com.br\/wp-content\/uploads\/2023\/11\/Post-Site-PFFA-2-1.png","type":"image\/png"}],"author":"larissa","twitter_card":"summary_large_image","twitter_misc":{"Written by":"larissa","Est. reading time":"3 minutes"},"schema":{"@context":"https:\/\/schema.org","@graph":[{"@type":"WebPage","@id":"https:\/\/pffa.com.br\/a-importancia-da-protecao-de-dados-pessoais-em-um-mundo-digital\/","url":"https:\/\/pffa.com.br\/a-importancia-da-protecao-de-dados-pessoais-em-um-mundo-digital\/","name":"A import\u00e2ncia da Prote\u00e7\u00e3o de Dados Pessoais em um Mundo Digital - Ferr\u00e3o","isPartOf":{"@id":"https:\/\/pffa.com.br\/#website"},"primaryImageOfPage":{"@id":"https:\/\/pffa.com.br\/a-importancia-da-protecao-de-dados-pessoais-em-um-mundo-digital\/#primaryimage"},"image":{"@id":"https:\/\/pffa.com.br\/a-importancia-da-protecao-de-dados-pessoais-em-um-mundo-digital\/#primaryimage"},"thumbnailUrl":"https:\/\/pffa.com.br\/wp-content\/uploads\/2023\/11\/Post-Site-PFFA-2-1.png","datePublished":"2023-11-08T22:56:59+00:00","dateModified":"2023-11-08T22:56:59+00:00","author":{"@id":"https:\/\/pffa.com.br\/#\/schema\/person\/44111f61d0e1fbe93c3d4e9a65a02161"},"description":"Este artigo aborda a prote\u00e7\u00e3o de dados em mundo cada vez mais conectado e digitalizado. Afinal, por que a prote\u00e7\u00e3o de dados pessoais \u00e9 t\u00e3o importante?","breadcrumb":{"@id":"https:\/\/pffa.com.br\/a-importancia-da-protecao-de-dados-pessoais-em-um-mundo-digital\/#breadcrumb"},"inLanguage":"en-US","potentialAction":[{"@type":"ReadAction","target":["https:\/\/pffa.com.br\/a-importancia-da-protecao-de-dados-pessoais-em-um-mundo-digital\/"]}]},{"@type":"ImageObject","inLanguage":"en-US","@id":"https:\/\/pffa.com.br\/a-importancia-da-protecao-de-dados-pessoais-em-um-mundo-digital\/#primaryimage","url":"https:\/\/pffa.com.br\/wp-content\/uploads\/2023\/11\/Post-Site-PFFA-2-1.png","contentUrl":"https:\/\/pffa.com.br\/wp-content\/uploads\/2023\/11\/Post-Site-PFFA-2-1.png","width":1080,"height":1080},{"@type":"BreadcrumbList","@id":"https:\/\/pffa.com.br\/a-importancia-da-protecao-de-dados-pessoais-em-um-mundo-digital\/#breadcrumb","itemListElement":[{"@type":"ListItem","position":1,"name":"In\u00edcio","item":"https:\/\/pffa.com.br\/"},{"@type":"ListItem","position":2,"name":"A import\u00e2ncia da Prote\u00e7\u00e3o de Dados Pessoais em um Mundo Digital"}]},{"@type":"WebSite","@id":"https:\/\/pffa.com.br\/#website","url":"https:\/\/pffa.com.br\/","name":"Ferr\u00e3o","description":"Ferr\u00e3o &amp; Ferr\u00e3o Advogados Associados","potentialAction":[{"@type":"SearchAction","target":{"@type":"EntryPoint","urlTemplate":"https:\/\/pffa.com.br\/?s={search_term_string}"},"query-input":"required name=search_term_string"}],"inLanguage":"en-US"},{"@type":"Person","@id":"https:\/\/pffa.com.br\/#\/schema\/person\/44111f61d0e1fbe93c3d4e9a65a02161","name":"larissa","image":{"@type":"ImageObject","inLanguage":"en-US","@id":"https:\/\/pffa.com.br\/#\/schema\/person\/image\/","url":"https:\/\/secure.gravatar.com\/avatar\/?s=96&d=mm&r=g","contentUrl":"https:\/\/secure.gravatar.com\/avatar\/?s=96&d=mm&r=g","caption":"larissa"},"url":"https:\/\/pffa.com.br\/en\/author\/larissa\/"}]}},"_links":{"self":[{"href":"https:\/\/pffa.com.br\/en\/wp-json\/wp\/v2\/posts\/1388","targetHints":{"allow":["GET"]}}],"collection":[{"href":"https:\/\/pffa.com.br\/en\/wp-json\/wp\/v2\/posts"}],"about":[{"href":"https:\/\/pffa.com.br\/en\/wp-json\/wp\/v2\/types\/post"}],"author":[{"embeddable":true,"href":"https:\/\/pffa.com.br\/en\/wp-json\/wp\/v2\/users\/3"}],"replies":[{"embeddable":true,"href":"https:\/\/pffa.com.br\/en\/wp-json\/wp\/v2\/comments?post=1388"}],"version-history":[{"count":0,"href":"https:\/\/pffa.com.br\/en\/wp-json\/wp\/v2\/posts\/1388\/revisions"}],"wp:featuredmedia":[{"embeddable":true,"href":"https:\/\/pffa.com.br\/en\/wp-json\/wp\/v2\/media\/1389"}],"wp:attachment":[{"href":"https:\/\/pffa.com.br\/en\/wp-json\/wp\/v2\/media?parent=1388"}],"wp:term":[{"taxonomy":"category","embeddable":true,"href":"https:\/\/pffa.com.br\/en\/wp-json\/wp\/v2\/categories?post=1388"},{"taxonomy":"post_tag","embeddable":true,"href":"https:\/\/pffa.com.br\/en\/wp-json\/wp\/v2\/tags?post=1388"}],"curies":[{"name":"wp","href":"https:\/\/api.w.org\/{rel}","templated":true}]}}